{"id":191,"date":"2014-11-10T15:25:34","date_gmt":"2014-11-10T13:25:34","guid":{"rendered":"https:\/\/www.umweltpakt.bayern.de\/emaskompass\/?p=191"},"modified":"2015-10-06T14:12:08","modified_gmt":"2015-10-06T12:12:08","slug":"spn-schwaben-praezision-fritz-hopf-gmbh-noerdlingen","status":"publish","type":"post","link":"https:\/\/www.umweltpakt.bayern.de\/emaskompass\/2014\/11\/spn-schwaben-praezision-fritz-hopf-gmbh-noerdlingen\/","title":{"rendered":"SPN Schwaben Pr\u00e4zision Fritz Hopf GmbH, N\u00f6rdlingen"},"content":{"rendered":"<p><strong>Pilotbetrieb<\/strong>: Steckbrief<\/p>\n<p><!--more--><\/p>\n<table width=\"699\">\n<tbody>\n<tr>\n<td width=\"281\">Branche \/\u00a0 Schl\u00fcssel:<\/td>\n<td width=\"418\">Maschinenbau\u00a0 \/\u00a0 28.1<\/td>\n<\/tr>\n<tr>\n<td width=\"281\">Standorte:<\/td>\n<td width=\"418\">2<\/td>\n<\/tr>\n<tr>\n<td width=\"281\">Mitarbeiterzahl:<\/td>\n<td width=\"418\">300<\/td>\n<\/tr>\n<tr>\n<td width=\"281\">Gr\u00fcndungsjahr:<\/td>\n<td width=\"418\">1919<\/td>\n<\/tr>\n<tr>\n<td width=\"281\">Auszeichnungen:&nbsp;<\/p>\n<p>Umweltteam &amp; Umwelterkl\u00e4rung:<\/td>\n<td width=\"418\">Umweltpakt Bayern (2009)<br \/>\n\u00d6koprofit (2010)<br \/>\nISO 9001 (2014)<br \/>\nEMAS (07.10.2015)<img loading=\"lazy\" decoding=\"async\" class=\"alignnone wp-image-882 size-medium\" src=\"https:\/\/www.umweltpakt.bayern.de\/emaskompass\/wp-content\/uploads\/2015\/10\/SPN_Umweltteam-350x175.jpg\" alt=\"SPN_Umweltteam\" width=\"350\" height=\"175\" srcset=\"https:\/\/www.umweltpakt.bayern.de\/emaskompass\/wp-content\/uploads\/2015\/10\/SPN_Umweltteam-350x175.jpg 350w, https:\/\/www.umweltpakt.bayern.de\/emaskompass\/wp-content\/uploads\/2015\/10\/SPN_Umweltteam-164x82.jpg 164w, https:\/\/www.umweltpakt.bayern.de\/emaskompass\/wp-content\/uploads\/2015\/10\/SPN_Umweltteam.jpg 400w\" sizes=\"auto, (max-width: 350px) 100vw, 350px\" \/><a class=\"extern_daten\" title=\"PDF extern\" href=\"https:\/\/www.umweltpakt.bayern.de\/emaskompass\/wp-content\/uploads\/2015\/10\/Umwelterkl%C3%A4rung_SPN.pdf\">SPN Schwaben Pr\u00e4zision Fritz Hopf GmbH: Umwelterkl\u00e4rung<\/a>\u00a0(PDF) 01.07.2015<\/p>\n<p>&nbsp;<\/td>\n<\/tr>\n<tr>\n<td width=\"281\">Leitbild:<\/td>\n<td width=\"418\">Die SPN Schwaben Pr\u00e4zision Fritz Hopf GmbH sieht sich in der Verantwortung, den nachfolgenden Generationen eine lebenswerte Umwelt zu erhalten. Unter Einhaltung aller rechtlichen Anforderungen streben wir einen kontinuierlichen Verbesserungsprozess an. Erfahrungen einzelner Mitarbeiter werden ber\u00fccksichtigt, sinnvolle Ma\u00dfnahmen zur Verbesserung der Umwelt umgesetzt und werbewirksam nach au\u00dfen kommuniziert. Wir recyceln Wertstoffe, vermeiden Abf\u00e4lle, entsorgen Reststoffe unter \u00f6kologisch und \u00f6konomischen Gesichtspunkten. Durch die kontinuierliche, wirtschaftlich sinnvolle Verbesserung unserer Produkte und Arbeitsprozesse werden wir Ressourcen einsparen.<\/td>\n<\/tr>\n<tr>\n<td width=\"281\">Warum EMAS:<\/td>\n<td width=\"418\">Grunds\u00e4tzliches Anliegen der GL<br \/>\nKundenanfragen positiv beantworten<br \/>\nWerbewirksam einsetzen<\/td>\n<\/tr>\n<\/tbody>\n<\/table>\n<p><a class=\"link_extern\" title=\"Link extern\" href=\"http:\/\/www.spn-hopf.de\">SPN Schwaben Pr\u00e4zision Fritz Hopf GmbH<\/a><\/p>\n","protected":false},"excerpt":{"rendered":"<p>Pilotbetrieb: Steckbrief<\/p>\n","protected":false},"author":2,"featured_media":192,"comment_status":"closed","ping_status":"open","sticky":false,"template":"","format":"standard","meta":{"footnotes":""},"categories":[6],"tags":[21,14],"class_list":["post-191","post","type-post","status-publish","format-standard","has-post-thumbnail","hentry","category-pilotbetriebe","tag-maschinenbau","tag-oekoprofit"],"_links":{"self":[{"href":"https:\/\/www.umweltpakt.bayern.de\/emaskompass\/wp-json\/wp\/v2\/posts\/191","targetHints":{"allow":["GET"]}}],"collection":[{"href":"https:\/\/www.umweltpakt.bayern.de\/emaskompass\/wp-json\/wp\/v2\/posts"}],"about":[{"href":"https:\/\/www.umweltpakt.bayern.de\/emaskompass\/wp-json\/wp\/v2\/types\/post"}],"author":[{"embeddable":true,"href":"https:\/\/www.umweltpakt.bayern.de\/emaskompass\/wp-json\/wp\/v2\/users\/2"}],"replies":[{"embeddable":true,"href":"https:\/\/www.umweltpakt.bayern.de\/emaskompass\/wp-json\/wp\/v2\/comments?post=191"}],"version-history":[{"count":19,"href":"https:\/\/www.umweltpakt.bayern.de\/emaskompass\/wp-json\/wp\/v2\/posts\/191\/revisions"}],"predecessor-version":[{"id":911,"href":"https:\/\/www.umweltpakt.bayern.de\/emaskompass\/wp-json\/wp\/v2\/posts\/191\/revisions\/911"}],"wp:featuredmedia":[{"embeddable":true,"href":"https:\/\/www.umweltpakt.bayern.de\/emaskompass\/wp-json\/wp\/v2\/media\/192"}],"wp:attachment":[{"href":"https:\/\/www.umweltpakt.bayern.de\/emaskompass\/wp-json\/wp\/v2\/media?parent=191"}],"wp:term":[{"taxonomy":"category","embeddable":true,"href":"https:\/\/www.umweltpakt.bayern.de\/emaskompass\/wp-json\/wp\/v2\/categories?post=191"},{"taxonomy":"post_tag","embeddable":true,"href":"https:\/\/www.umweltpakt.bayern.de\/emaskompass\/wp-json\/wp\/v2\/tags?post=191"}],"curies":[{"name":"wp","href":"https:\/\/api.w.org\/{rel}","templated":true}]}}