{"id":369,"date":"2015-01-22T14:06:14","date_gmt":"2015-01-22T13:06:14","guid":{"rendered":"https:\/\/www.umweltpakt.bayern.de\/emaskompass\/?p=369"},"modified":"2020-10-01T15:24:21","modified_gmt":"2020-10-01T13:24:21","slug":"compliance-check","status":"publish","type":"post","link":"https:\/\/www.umweltpakt.bayern.de\/emaskompass\/2015\/01\/compliance-check\/","title":{"rendered":"Compliance Check"},"content":{"rendered":"<p><strong>Erster Vor-Ort-Termin bei Laport GmbH &amp;\u00a0Co. KG in Gerhardshofen<\/strong><\/p>\n<p>Kernthema des Termins war eine erste Bestandsaufnahme\u00a0der\u00a0\u2013 schon aus der Teilnahme am\u00a0QuB\u00a0\u2013 vorliegenden Unterlagen. Ein besonderes Augenmerk lag auf der Durchsicht und Bewertung der geltenden rechtlichen Anforderungen an das Unternehmen.<\/p>\n<p><!--more--><\/p>\n<p>Hierbei spricht man von einem <strong>Compliance Check<\/strong>. Es wird konkret gepr\u00fcft, welche umweltrechtlichen Vorschriften f\u00fcr das Unternehmen relevant sind und ob das Unternehmen alle diese geltenden Vorschriften bereits einh\u00e4lt.<\/p>\n<p>Ganz konkret kann dies f\u00fcr ein Unternehmen z. B. bedeuten:<\/p>\n<ul>\n<li>Werden Klimaanlagen ab einer gewissen Menge an K\u00fchlmittel im vorgegebenen Rhythmus auf Dichtigkeit gepr\u00fcft? (z. B. bei einer F\u00fcllmenge von 3 kg einmal j\u00e4hrlich)<\/li>\n<li>Werden Heiz\u00f6ltanks nach den gesetzlichen Vorgaben gewartet?<\/li>\n<li>Werden Abscheider nach dem vorgegebenen Rhythmus gewartet?<\/li>\n<\/ul>\n<p>Der Compliance Check hilft Unternehmen, die aktuelle Rechtslage im Auge zu behalten. Durch eine rechtssichere Dokumentation beugt das Unternehmen Verst\u00f6\u00dfen gegen rechtliche Vorschriften vor.<\/p>\n<p>Ausgangspunkt f\u00fcr die Dokumentation ist die Erstellung eines <strong>Rechtskatasters<\/strong>. Unter den Arbeitsmaterialien ist eine Vorlage f\u00fcr ein Rechtskataster und weitere mitgeltende Dokumente zum Thema Recht verf\u00fcgbar\u00a0 (siehe &#8222;Arbeitsmaterialien&#8220; in der Navigation). Bei Laport wurde das QuB-Rechtskataster herangezogen. Es konnte festgestellt werden, dass einige im Kataster vorgegebene Regelungen f\u00fcr das Unternehmen nicht relevant sind.<\/p>\n<p>\u00dcbrigens: Die Pr\u00fcfung und Best\u00e4tigung der Rechtskonformit\u00e4t durch den Umweltgutachter ist einer der gro\u00dfen Vorteile von EMAS im Vergleich zu einem Umweltmanagementsystem nach DIN EN ISO 14001.<\/p>\n<p>Im Infozentrum UmweltWirtschaft finden Sie relevante Vorschriften und Regeln\u00a0zum Umweltrecht<\/p>\n<p><a class=\"link_intern\" title=\"Link intern\" href=\"http:\/\/www.izu.bayern.de\/recht\/index_recht.php?pid=1101010100\">IZU: Relevante Vorschriften und Regeln zum Thema Abfall<\/a><\/p>\n<p><a title=\"Link extern\" href=\"http:\/\/www.emas.de\/fileadmin\/user_upload\/05_rechtliches\/PDF-Dateien\/EMAS_in_Rechts_und_Verwaltungsvorschriften.pdf\">EMAS: Rechts- und Verwaltungsvorschriften<\/a> (PDF)<\/p>\n","protected":false},"excerpt":{"rendered":"<p>Erster Vor-Ort-Termin bei Laport GmbH &amp;\u00a0Co. KG in Gerhardshofen Kernthema des Termins war eine erste Bestandsaufnahme\u00a0der\u00a0\u2013 schon aus der Teilnahme am\u00a0QuB\u00a0\u2013 vorliegenden Unterlagen. Ein besonderes Augenmerk lag auf der Durchsicht und Bewertung der geltenden rechtlichen Anforderungen an das Unternehmen.<\/p>\n","protected":false},"author":2,"featured_media":391,"comment_status":"closed","ping_status":"open","sticky":false,"template":"","format":"standard","meta":{"footnotes":""},"categories":[1],"tags":[16,15,37,43],"class_list":["post-369","post","type-post","status-publish","format-standard","has-post-thumbnail","hentry","category-allgemein","tag-bau-nebenbranche","tag-qub","tag-rechtskonformitaet","tag-schritt-1"],"_links":{"self":[{"href":"https:\/\/www.umweltpakt.bayern.de\/emaskompass\/wp-json\/wp\/v2\/posts\/369","targetHints":{"allow":["GET"]}}],"collection":[{"href":"https:\/\/www.umweltpakt.bayern.de\/emaskompass\/wp-json\/wp\/v2\/posts"}],"about":[{"href":"https:\/\/www.umweltpakt.bayern.de\/emaskompass\/wp-json\/wp\/v2\/types\/post"}],"author":[{"embeddable":true,"href":"https:\/\/www.umweltpakt.bayern.de\/emaskompass\/wp-json\/wp\/v2\/users\/2"}],"replies":[{"embeddable":true,"href":"https:\/\/www.umweltpakt.bayern.de\/emaskompass\/wp-json\/wp\/v2\/comments?post=369"}],"version-history":[{"count":16,"href":"https:\/\/www.umweltpakt.bayern.de\/emaskompass\/wp-json\/wp\/v2\/posts\/369\/revisions"}],"predecessor-version":[{"id":1037,"href":"https:\/\/www.umweltpakt.bayern.de\/emaskompass\/wp-json\/wp\/v2\/posts\/369\/revisions\/1037"}],"wp:featuredmedia":[{"embeddable":true,"href":"https:\/\/www.umweltpakt.bayern.de\/emaskompass\/wp-json\/wp\/v2\/media\/391"}],"wp:attachment":[{"href":"https:\/\/www.umweltpakt.bayern.de\/emaskompass\/wp-json\/wp\/v2\/media?parent=369"}],"wp:term":[{"taxonomy":"category","embeddable":true,"href":"https:\/\/www.umweltpakt.bayern.de\/emaskompass\/wp-json\/wp\/v2\/categories?post=369"},{"taxonomy":"post_tag","embeddable":true,"href":"https:\/\/www.umweltpakt.bayern.de\/emaskompass\/wp-json\/wp\/v2\/tags?post=369"}],"curies":[{"name":"wp","href":"https:\/\/api.w.org\/{rel}","templated":true}]}}