{"id":739,"date":"2015-09-14T15:58:33","date_gmt":"2015-09-14T13:58:33","guid":{"rendered":"https:\/\/www.umweltpakt.bayern.de\/emaskompass\/?p=739"},"modified":"2020-07-14T15:33:28","modified_gmt":"2020-07-14T13:33:28","slug":"kontinuierlicher-verbesserungsprozess-kvp","status":"publish","type":"post","link":"https:\/\/www.umweltpakt.bayern.de\/emaskompass\/2015\/09\/kontinuierlicher-verbesserungsprozess-kvp\/","title":{"rendered":"Kontinuierlicher Verbesserungsprozess (KVP)"},"content":{"rendered":"<p>In jedem Managementsystem, sei es aus dem Bereich Qualit\u00e4t (ISO 9001), Energie (ISO 50001), Arbeitssicherheit (ISO 45001) oder aus dem Bereich Umwelt (EMAS, ISO 14001) ist eine feste Gr\u00f6\u00dfe der <strong>kontinuierliche Verbesserungsprozess (KVP)<\/strong>.<!--more-->Er kann sozusagen als das Grundprinzip jedes Managementsystems gesehen werden. Der Ausgangspunkt spielt hierbei keine Rolle. Ein Unternehmen kann ein Managementsystem gerade eingef\u00fchrt oder bereits seit Jahren am Laufen haben \u2013 wichtig ist, dass das Unternehmen eine Verbesserung der aktuellen Situation anstrebt.<\/p>\n<p><strong>Wie k\u00f6nnen Verbesserungsma\u00dfnahmen kontinuierlich generiert und nachgehalten werden?<\/strong><\/p>\n<p>Ein wichtiger Baustein im kontinuierlichen Verbesserungsprozess sind interne und externe Audits. Auff\u00e4lligkeiten oder Abweichungen (wie z.B. eine \u00fcbersehene Pr\u00fcfung eines Feuerl\u00f6schers oder eine fehlerhafte Lagerung von brennbaren Gefahrstoffen) werden w\u00e4hrend der Audits aufgedeckt. Ein weiterer Baustein k\u00f6nnen von Mitarbeitern aufgedeckte Nicht-Konformit\u00e4ten in den Prozessabl\u00e4ufen oder sonstige Verbesserungsvorschl\u00e4ge durch die Belegschaft darstellen.<\/p>\n<p>Eine systematische Bearbeitung dieser Hinweise und Empfehlungen ist die Grundlage f\u00fcr einen funktionierenden Verbesserungsprozess. Die <a class=\"link_intern\" href=\"https:\/\/www.umweltpakt.bayern.de\/emaskompass\/2015\/02\/arbeitsmaterialien\/\">Arbeitsmaterialien zum \u201eBayerischen EMAS-Kompass\u201c<\/a> bieten hierzu eine Excel-basierte Liste \u2013 die Liste kontinuierlicher Verbesserungsprozess (KVP-Liste). \u00a0In der KVP-Liste werden alle Abweichungen, Feststellungen und Empfehlungen aus Audits sowie Hinweise und Verbesserungsvorschl\u00e4ge von Mitarbeitern aufgelistet. Zu jedem Eintrag werden Verantwortlichkeiten und Termine zur Umsetzung festgelegt und die dazu n\u00f6tigen Ma\u00dfnahmen z. B. vom Umweltmanagementbeauftragten nachverfolgt. Im Ergebnis findet ein kontinuierlicher Verbesserungsprozess statt.<\/p>\n<p>Sich \u00e4ndernde Rahmenbedingungen durch neue Gesetzesgrundlagen oder sich ver\u00e4ndernde Rahmenbedingungen im Unternehmen k\u00f6nnen durch einen kontinuierlichen Verbesserungsprozess im Managementsystem integriert werden.<\/p>\n<p>Ein <strong>Beispiel f\u00fcr eine ausgef\u00fcllte KVP-Liste<\/strong> finden Sie hier: <a class=\"link_intern intern_daten\" title=\"Link intern\" href=\"https:\/\/www.umweltpakt.bayern.de\/emaskompass\/wp-content\/uploads\/2015\/09\/Bayerischer-EMAS-Kompass_Beispiel-KVP-Liste.pdf\">KVP-Liste<\/a>\u00a0(PDF)<\/p>\n","protected":false},"excerpt":{"rendered":"<p>In jedem Managementsystem, sei es aus dem Bereich Qualit\u00e4t (ISO 9001), Energie (ISO 50001), Arbeitssicherheit (ISO 45001) oder aus dem Bereich Umwelt (EMAS, ISO 14001) ist eine feste Gr\u00f6\u00dfe der kontinuierliche Verbesserungsprozess (KVP).<\/p>\n","protected":false},"author":2,"featured_media":736,"comment_status":"closed","ping_status":"open","sticky":false,"template":"","format":"standard","meta":{"footnotes":""},"categories":[1],"tags":[30,49,33],"class_list":["post-739","post","type-post","status-publish","format-standard","has-post-thumbnail","hentry","category-allgemein","tag-internes-audit","tag-schritt-7","tag-umweltbetriebspruefung"],"_links":{"self":[{"href":"https:\/\/www.umweltpakt.bayern.de\/emaskompass\/wp-json\/wp\/v2\/posts\/739","targetHints":{"allow":["GET"]}}],"collection":[{"href":"https:\/\/www.umweltpakt.bayern.de\/emaskompass\/wp-json\/wp\/v2\/posts"}],"about":[{"href":"https:\/\/www.umweltpakt.bayern.de\/emaskompass\/wp-json\/wp\/v2\/types\/post"}],"author":[{"embeddable":true,"href":"https:\/\/www.umweltpakt.bayern.de\/emaskompass\/wp-json\/wp\/v2\/users\/2"}],"replies":[{"embeddable":true,"href":"https:\/\/www.umweltpakt.bayern.de\/emaskompass\/wp-json\/wp\/v2\/comments?post=739"}],"version-history":[{"count":9,"href":"https:\/\/www.umweltpakt.bayern.de\/emaskompass\/wp-json\/wp\/v2\/posts\/739\/revisions"}],"predecessor-version":[{"id":978,"href":"https:\/\/www.umweltpakt.bayern.de\/emaskompass\/wp-json\/wp\/v2\/posts\/739\/revisions\/978"}],"wp:featuredmedia":[{"embeddable":true,"href":"https:\/\/www.umweltpakt.bayern.de\/emaskompass\/wp-json\/wp\/v2\/media\/736"}],"wp:attachment":[{"href":"https:\/\/www.umweltpakt.bayern.de\/emaskompass\/wp-json\/wp\/v2\/media?parent=739"}],"wp:term":[{"taxonomy":"category","embeddable":true,"href":"https:\/\/www.umweltpakt.bayern.de\/emaskompass\/wp-json\/wp\/v2\/categories?post=739"},{"taxonomy":"post_tag","embeddable":true,"href":"https:\/\/www.umweltpakt.bayern.de\/emaskompass\/wp-json\/wp\/v2\/tags?post=739"}],"curies":[{"name":"wp","href":"https:\/\/api.w.org\/{rel}","templated":true}]}}